{"id":12723,"date":"2026-08-26T09:02:47","date_gmt":"2026-08-26T07:02:47","guid":{"rendered":"https:\/\/www.meldelperello.com\/?p=12723"},"modified":"2026-08-27T10:29:32","modified_gmt":"2026-08-27T08:29:32","slug":"conoce-nuestro-laboratorio-asi-garantizamos-la-pureza-de-la-miel-en-lavi-lluis","status":"publish","type":"post","link":"https:\/\/www.meldelperello.com\/es\/conoce-nuestro-laboratorio-asi-garantizamos-la-pureza-de-la-miel-en-lavi-lluis\/","title":{"rendered":"Conoce nuestro laboratorio: as\u00ed garantizamos la pureza de la miel en L\u2019Avi Llu\u00eds"},"content":{"rendered":"<p class=\"PDq2pG_selectionAnchorContainer\" data-start=\"0\" data-end=\"476\">Quan pensamos en la producci\u00f3n de miel, la imagen que nos viene a la cabeza enseguida es la del campo: las abejas volando de flor en flor, las colmenas llenas de vida y el apicultor trabajando bajo el sol. Pero el trabajo en <strong data-start=\"225\" data-end=\"251\">Ap\u00edcola Brull Casanova<\/strong> no termina cuando cosechamos los panales. Para garantizar que bajo la marca <strong data-start=\"328\" data-end=\"343\">L\u2019Avi Llu\u00eds<\/strong> llegue a tu mesa una miel de calidad, hay un paso preciso y fundamental en nuestras instalaciones de El Perell\u00f3: <strong data-start=\"457\" data-end=\"475\">el laboratorio<\/strong>.<\/p>\n<p data-start=\"478\" data-end=\"712\">Hoy nos ponemos la bata blanca y te abrimos las puertas de nuestro laboratorio para explicarte c\u00f3mo controlamos diferentes par\u00e1metros de la miel y c\u00f3mo la tecnolog\u00eda nos ayuda a conocer mejor el producto que sale de nuestras colmenas.<\/p>\n<h2 data-section-id=\"3drphb\" data-start=\"714\" data-end=\"757\">La extracci\u00f3n centr\u00edfuga: el primer paso<\/h2>\n<p data-start=\"759\" data-end=\"893\">Antes de analizar la miel, hay que extraerla de los panales. Uno de nuestros principios es respetar al m\u00e1ximo el producto y su origen.<\/p>\n<p data-start=\"895\" data-end=\"1108\">La extracci\u00f3n se realiza de forma mec\u00e1nica, mediante la <strong data-start=\"951\" data-end=\"972\">fuerza centr\u00edfuga<\/strong> de una m\u00e1quina extractora. De esta manera, la miel se libera del panal sin necesidad de aplicar calor durante el proceso de extracci\u00f3n.<\/p>\n<p data-start=\"1110\" data-end=\"1219\">Una vez extra\u00edda, la miel reposa y decanta de forma natural. Y es aqu\u00ed cuando el laboratorio entra en acci\u00f3n.<\/p>\n<h2 data-section-id=\"oh9g9s\" data-start=\"1221\" data-end=\"1285\">1. El microscopio Honey.AI: tecnolog\u00eda al servicio de la miel<\/h2>\n<p data-start=\"1287\" data-end=\"1472\">\u00bfC\u00f3mo podemos saber de qu\u00e9 flores procede una miel? Una de las herramientas que tenemos es el an\u00e1lisis del polen presente en la miel, una disciplina conocida como <strong data-start=\"1450\" data-end=\"1471\">melisopalinolog\u00eda<\/strong>.<\/p>\n<p data-start=\"1474\" data-end=\"1646\">En L\u2019Avi Llu\u00eds contamos con el <strong data-start=\"1505\" data-end=\"1529\">microscopio Honey.AI<\/strong>, una tecnolog\u00eda que combina la microscop\u00eda \u00f3ptica con la inteligencia artificial para analizar las muestras de miel.<\/p>\n<p data-start=\"1648\" data-end=\"1880\">El sistema nos ayuda a identificar los diferentes tipos de polen presentes en una muestra y a obtener informaci\u00f3n sobre su <strong data-start=\"1771\" data-end=\"1790\">origen bot\u00e1nico<\/strong>. Esto nos permite conocer mejor nuestras mieles y las flores que han visitado las abejas.<\/p>\n<h2 data-section-id=\"13kcik2\" data-start=\"1882\" data-end=\"1927\">2. El refract\u00f3metro: control de la humedad<\/h2>\n<p data-start=\"1929\" data-end=\"2022\">La humedad es uno de los par\u00e1metros importantes a la hora de controlar la calidad de la miel.<\/p>\n<p data-start=\"2024\" data-end=\"2277\">Si una miel contiene demasiada agua, puede aumentar el riesgo de fermentaci\u00f3n y afectar a su conservaci\u00f3n. Por eso, en nuestro laboratorio utilizamos un <strong data-start=\"2177\" data-end=\"2194\">refract\u00f3metro<\/strong>, un instrumento que nos permite determinar el porcentaje de humedad de la muestra.<\/p>\n<p data-start=\"2279\" data-end=\"2423\">Este control nos ayuda a comprobar que la miel que envasamos presenta unos niveles adecuados de humedad y que se conserva en buenas condiciones.<\/p>\n<h2 data-section-id=\"14e43xk\" data-start=\"2425\" data-end=\"2478\">3. El HMF: un indicador del tratamiento de la miel<\/h2>\n<p data-start=\"2480\" data-end=\"2561\">Otro de los par\u00e1metros que podemos analizar es el <strong data-start=\"2530\" data-end=\"2560\">HMF (hidroximetilfurfural)<\/strong>.<\/p>\n<p data-start=\"2563\" data-end=\"2844\">El HMF es un compuesto que puede formarse a partir de los az\u00facares de la miel, especialmente cuando esta se somete a temperaturas elevadas durante per\u00edodos prolongados. Por eso, su an\u00e1lisis nos aporta informaci\u00f3n importante sobre el estado y el tratamiento que ha recibido la miel.<\/p>\n<p data-start=\"2846\" data-end=\"2984\">El control del HMF forma parte de los an\u00e1lisis que nos permiten verificar que el producto mantiene los est\u00e1ndares de calidad que buscamos.<\/p>\n<h2 data-section-id=\"iwagfu\" data-start=\"2986\" data-end=\"3026\">La trazabilidad tambi\u00e9n es importante<\/h2>\n<p data-start=\"3028\" data-end=\"3175\">Adem\u00e1s de los an\u00e1lisis que realizamos en el laboratorio, cada tarro de <strong data-start=\"3099\" data-end=\"3114\">L\u2019Avi Llu\u00eds<\/strong> incorpora informaci\u00f3n que permite conocer mejor el producto.<\/p>\n<p data-start=\"3177\" data-end=\"3320\">A trav\u00e9s del <strong data-start=\"3190\" data-end=\"3213\">c\u00f3digo QR del tarro<\/strong>, puedes acceder a informaci\u00f3n relacionada con la miel y conocer m\u00e1s sobre su origen y sus caracter\u00edsticas.<\/p>\n<p data-start=\"3322\" data-end=\"3534\">Porque detr\u00e1s de cada tarro no solo est\u00e1 el trabajo incansable de miles de abejas. Tambi\u00e9n hay un proceso de control, an\u00e1lisis y seguimiento que nos ayuda a garantizar la calidad del producto que llega a tu casa.<\/p>\n<h2 data-section-id=\"gkmai3\" data-start=\"3536\" data-end=\"3570\">La ciencia detr\u00e1s de cada tarro<\/h2>\n<p data-start=\"3572\" data-end=\"3800\">Nuestro laboratorio en El Perell\u00f3 es una parte m\u00e1s de todo el proceso de producci\u00f3n. Desde el campo y las colmenas hasta la extracci\u00f3n, los an\u00e1lisis y el envasado, cuidamos cada etapa para conocer y controlar mejor nuestra miel.<\/p>\n<p data-start=\"3802\" data-end=\"3987\">La combinaci\u00f3n de <strong data-start=\"3820\" data-end=\"3874\">tradici\u00f3n ap\u00edcola, tecnolog\u00eda y control de calidad<\/strong> nos permite seguir trabajando cada d\u00eda para ofrecerte una miel fiel a su origen y al trabajo de nuestras abejas.<\/p>\n<p data-start=\"3989\" data-end=\"4078\" data-is-last-node=\"\" data-is-only-node=\"\">Descubre m\u00e1s sobre el mundo de la miel en <strong data-start=\"4031\" data-end=\"4052\">meldelperello.com<\/strong> y <strong data-start=\"4055\" data-end=\"4077\">rebostavilluis.com<\/strong>.<\/p>\n","protected":false},"excerpt":{"rendered":"<p>Quan pensamos en la producci\u00f3n de miel, la imagen que nos viene a la cabeza enseguida es la del campo: las abejas volando de flor en flor, las colmenas llenas de vida y el apicultor trabajando bajo el sol. Pero el trabajo en Ap\u00edcola Brull Casanova no termina cuando cosechamos los panales. Para garantizar que&hellip;<\/p>\n","protected":false},"author":1,"featured_media":12722,"comment_status":"closed","ping_status":"closed","sticky":false,"template":"","format":"standard","meta":{"inline_featured_image":false,"footnotes":""},"categories":[6],"tags":[],"class_list":["post-12723","post","type-post","status-publish","format-standard","has-post-thumbnail","hentry","category-blog-es","category-6","description-off"],"yoast_head":"<!-- This site is optimized with the Yoast SEO plugin v28.0 - https:\/\/yoast.com\/product\/yoast-seo-wordpress\/ -->\n<title>Conoce nuestro laboratorio: as\u00ed garantizamos la pureza de la miel en L\u2019Avi Llu\u00eds - L&#039;Avi Llu\u00eds<\/title>\n<meta name=\"robots\" content=\"index, follow, max-snippet:-1, max-image-preview:large, max-video-preview:-1\" \/>\n<link rel=\"canonical\" href=\"https:\/\/www.meldelperello.com\/es\/conoce-nuestro-laboratorio-asi-garantizamos-la-pureza-de-la-miel-en-lavi-lluis\/\" \/>\n<meta property=\"og:locale\" content=\"es_ES\" \/>\n<meta property=\"og:type\" content=\"article\" \/>\n<meta property=\"og:title\" content=\"Conoce nuestro laboratorio: as\u00ed garantizamos la pureza de la miel en L\u2019Avi Llu\u00eds - L&#039;Avi Llu\u00eds\" \/>\n<meta property=\"og:description\" content=\"Quan pensamos en la producci\u00f3n de miel, la imagen que nos viene a la cabeza enseguida es la del campo: las abejas volando de flor en flor, las colmenas llenas de vida y el apicultor trabajando bajo el sol. Pero el trabajo en Ap\u00edcola Brull Casanova no termina cuando cosechamos los panales. Para garantizar que&hellip;\" \/>\n<meta property=\"og:url\" content=\"https:\/\/www.meldelperello.com\/es\/conoce-nuestro-laboratorio-asi-garantizamos-la-pureza-de-la-miel-en-lavi-lluis\/\" \/>\n<meta property=\"og:site_name\" content=\"L&#039;Avi Llu\u00eds\" \/>\n<meta property=\"article:publisher\" content=\"https:\/\/www.facebook.com\/avi.lluis\/\" \/>\n<meta property=\"article:published_time\" content=\"2026-08-26T07:02:47+00:00\" \/>\n<meta property=\"article:modified_time\" content=\"2026-08-27T08:29:32+00:00\" \/>\n<meta property=\"og:image\" content=\"https:\/\/www.meldelperello.com\/wp-content\/uploads\/2026\/08\/IMG_1469-scaled.jpg\" \/>\n\t<meta property=\"og:image:width\" content=\"2560\" \/>\n\t<meta property=\"og:image:height\" content=\"2560\" \/>\n\t<meta property=\"og:image:type\" content=\"image\/jpeg\" \/>\n<meta name=\"author\" content=\"L&#039;Avi Llu\u00eds\" \/>\n<meta name=\"twitter:card\" content=\"summary_large_image\" \/>\n<meta name=\"twitter:label1\" content=\"Escrito por\" \/>\n\t<meta name=\"twitter:data1\" content=\"L&#039;Avi Llu\u00eds\" \/>\n\t<meta name=\"twitter:label2\" content=\"Tiempo de lectura\" \/>\n\t<meta name=\"twitter:data2\" content=\"4 minutos\" \/>\n<script type=\"application\/ld+json\" class=\"yoast-schema-graph\">{\"@context\":\"https:\\\/\\\/schema.org\",\"@graph\":[{\"@type\":\"Article\",\"@id\":\"https:\\\/\\\/www.meldelperello.com\\\/es\\\/conoce-nuestro-laboratorio-asi-garantizamos-la-pureza-de-la-miel-en-lavi-lluis\\\/#article\",\"isPartOf\":{\"@id\":\"https:\\\/\\\/www.meldelperello.com\\\/es\\\/conoce-nuestro-laboratorio-asi-garantizamos-la-pureza-de-la-miel-en-lavi-lluis\\\/\"},\"author\":{\"name\":\"L'Avi Llu\u00eds\",\"@id\":\"https:\\\/\\\/www.meldelperello.com\\\/es\\\/#\\\/schema\\\/person\\\/cfca5435797d94e0e1242e9dc012af48\"},\"headline\":\"Conoce nuestro laboratorio: as\u00ed garantizamos la pureza de la miel en L\u2019Avi Llu\u00eds\",\"datePublished\":\"2026-08-26T07:02:47+00:00\",\"dateModified\":\"2026-08-27T08:29:32+00:00\",\"mainEntityOfPage\":{\"@id\":\"https:\\\/\\\/www.meldelperello.com\\\/es\\\/conoce-nuestro-laboratorio-asi-garantizamos-la-pureza-de-la-miel-en-lavi-lluis\\\/\"},\"wordCount\":741,\"publisher\":{\"@id\":\"https:\\\/\\\/www.meldelperello.com\\\/es\\\/#organization\"},\"image\":{\"@id\":\"https:\\\/\\\/www.meldelperello.com\\\/es\\\/conoce-nuestro-laboratorio-asi-garantizamos-la-pureza-de-la-miel-en-lavi-lluis\\\/#primaryimage\"},\"thumbnailUrl\":\"https:\\\/\\\/www.meldelperello.com\\\/wp-content\\\/uploads\\\/2026\\\/08\\\/IMG_1469-scaled.jpg\",\"articleSection\":[\"Blog\"],\"inLanguage\":\"es\"},{\"@type\":\"WebPage\",\"@id\":\"https:\\\/\\\/www.meldelperello.com\\\/es\\\/conoce-nuestro-laboratorio-asi-garantizamos-la-pureza-de-la-miel-en-lavi-lluis\\\/\",\"url\":\"https:\\\/\\\/www.meldelperello.com\\\/es\\\/conoce-nuestro-laboratorio-asi-garantizamos-la-pureza-de-la-miel-en-lavi-lluis\\\/\",\"name\":\"Conoce nuestro laboratorio: as\u00ed garantizamos la pureza de la miel en L\u2019Avi Llu\u00eds - L&#039;Avi Llu\u00eds\",\"isPartOf\":{\"@id\":\"https:\\\/\\\/www.meldelperello.com\\\/es\\\/#website\"},\"primaryImageOfPage\":{\"@id\":\"https:\\\/\\\/www.meldelperello.com\\\/es\\\/conoce-nuestro-laboratorio-asi-garantizamos-la-pureza-de-la-miel-en-lavi-lluis\\\/#primaryimage\"},\"image\":{\"@id\":\"https:\\\/\\\/www.meldelperello.com\\\/es\\\/conoce-nuestro-laboratorio-asi-garantizamos-la-pureza-de-la-miel-en-lavi-lluis\\\/#primaryimage\"},\"thumbnailUrl\":\"https:\\\/\\\/www.meldelperello.com\\\/wp-content\\\/uploads\\\/2026\\\/08\\\/IMG_1469-scaled.jpg\",\"datePublished\":\"2026-08-26T07:02:47+00:00\",\"dateModified\":\"2026-08-27T08:29:32+00:00\",\"breadcrumb\":{\"@id\":\"https:\\\/\\\/www.meldelperello.com\\\/es\\\/conoce-nuestro-laboratorio-asi-garantizamos-la-pureza-de-la-miel-en-lavi-lluis\\\/#breadcrumb\"},\"inLanguage\":\"es\",\"potentialAction\":[{\"@type\":\"ReadAction\",\"target\":[\"https:\\\/\\\/www.meldelperello.com\\\/es\\\/conoce-nuestro-laboratorio-asi-garantizamos-la-pureza-de-la-miel-en-lavi-lluis\\\/\"]}]},{\"@type\":\"ImageObject\",\"inLanguage\":\"es\",\"@id\":\"https:\\\/\\\/www.meldelperello.com\\\/es\\\/conoce-nuestro-laboratorio-asi-garantizamos-la-pureza-de-la-miel-en-lavi-lluis\\\/#primaryimage\",\"url\":\"https:\\\/\\\/www.meldelperello.com\\\/wp-content\\\/uploads\\\/2026\\\/08\\\/IMG_1469-scaled.jpg\",\"contentUrl\":\"https:\\\/\\\/www.meldelperello.com\\\/wp-content\\\/uploads\\\/2026\\\/08\\\/IMG_1469-scaled.jpg\",\"width\":2560,\"height\":2560},{\"@type\":\"BreadcrumbList\",\"@id\":\"https:\\\/\\\/www.meldelperello.com\\\/es\\\/conoce-nuestro-laboratorio-asi-garantizamos-la-pureza-de-la-miel-en-lavi-lluis\\\/#breadcrumb\",\"itemListElement\":[{\"@type\":\"ListItem\",\"position\":1,\"name\":\"Inici\",\"item\":\"https:\\\/\\\/www.meldelperello.com\\\/es\\\/\"},{\"@type\":\"ListItem\",\"position\":2,\"name\":\"Conoce nuestro laboratorio: as\u00ed garantizamos la pureza de la miel en L\u2019Avi Llu\u00eds\"}]},{\"@type\":\"WebSite\",\"@id\":\"https:\\\/\\\/www.meldelperello.com\\\/es\\\/#website\",\"url\":\"https:\\\/\\\/www.meldelperello.com\\\/es\\\/\",\"name\":\"L&#039;Avi Llu\u00eds\",\"description\":\"Apicultors i productors de mel natural, pura i artesana\",\"publisher\":{\"@id\":\"https:\\\/\\\/www.meldelperello.com\\\/es\\\/#organization\"},\"potentialAction\":[{\"@type\":\"SearchAction\",\"target\":{\"@type\":\"EntryPoint\",\"urlTemplate\":\"https:\\\/\\\/www.meldelperello.com\\\/es\\\/?s={search_term_string}\"},\"query-input\":{\"@type\":\"PropertyValueSpecification\",\"valueRequired\":true,\"valueName\":\"search_term_string\"}}],\"inLanguage\":\"es\"},{\"@type\":\"Organization\",\"@id\":\"https:\\\/\\\/www.meldelperello.com\\\/es\\\/#organization\",\"name\":\"L'Avi Llu\u00eds\",\"url\":\"https:\\\/\\\/www.meldelperello.com\\\/es\\\/\",\"logo\":{\"@type\":\"ImageObject\",\"inLanguage\":\"es\",\"@id\":\"https:\\\/\\\/www.meldelperello.com\\\/es\\\/#\\\/schema\\\/logo\\\/image\\\/\",\"url\":\"https:\\\/\\\/www.meldelperello.com\\\/wp-content\\\/uploads\\\/2022\\\/02\\\/logo.svg\",\"contentUrl\":\"https:\\\/\\\/www.meldelperello.com\\\/wp-content\\\/uploads\\\/2022\\\/02\\\/logo.svg\",\"width\":137,\"height\":121,\"caption\":\"L'Avi Llu\u00eds\"},\"image\":{\"@id\":\"https:\\\/\\\/www.meldelperello.com\\\/es\\\/#\\\/schema\\\/logo\\\/image\\\/\"},\"sameAs\":[\"https:\\\/\\\/www.facebook.com\\\/avi.lluis\\\/\",\"https:\\\/\\\/www.instagram.com\\\/avilluis_meldelperello\\\/\",\"https:\\\/\\\/www.youtube.com\\\/c\\\/MeldelperelloAviLluis\"]},{\"@type\":\"Person\",\"@id\":\"https:\\\/\\\/www.meldelperello.com\\\/es\\\/#\\\/schema\\\/person\\\/cfca5435797d94e0e1242e9dc012af48\",\"name\":\"L'Avi Llu\u00eds\",\"image\":{\"@type\":\"ImageObject\",\"inLanguage\":\"es\",\"@id\":\"https:\\\/\\\/secure.gravatar.com\\\/avatar\\\/e638f7e349f2a596746992c4a310631d1890f1340739f4a51763a27d1aa03f7b?s=96&d=mm&r=g\",\"url\":\"https:\\\/\\\/secure.gravatar.com\\\/avatar\\\/e638f7e349f2a596746992c4a310631d1890f1340739f4a51763a27d1aa03f7b?s=96&d=mm&r=g\",\"contentUrl\":\"https:\\\/\\\/secure.gravatar.com\\\/avatar\\\/e638f7e349f2a596746992c4a310631d1890f1340739f4a51763a27d1aa03f7b?s=96&d=mm&r=g\",\"caption\":\"L'Avi Llu\u00eds\"},\"sameAs\":[\"http:\\\/\\\/perello.debonatinta.com\"],\"url\":\"https:\\\/\\\/www.meldelperello.com\\\/es\\\/author\\\/avilluis\\\/\"}]}<\/script>\n<!-- \/ Yoast SEO plugin. -->","yoast_head_json":{"title":"Conoce nuestro laboratorio: as\u00ed garantizamos la pureza de la miel en L\u2019Avi Llu\u00eds - L&#039;Avi Llu\u00eds","robots":{"index":"index","follow":"follow","max-snippet":"max-snippet:-1","max-image-preview":"max-image-preview:large","max-video-preview":"max-video-preview:-1"},"canonical":"https:\/\/www.meldelperello.com\/es\/conoce-nuestro-laboratorio-asi-garantizamos-la-pureza-de-la-miel-en-lavi-lluis\/","og_locale":"es_ES","og_type":"article","og_title":"Conoce nuestro laboratorio: as\u00ed garantizamos la pureza de la miel en L\u2019Avi Llu\u00eds - L&#039;Avi Llu\u00eds","og_description":"Quan pensamos en la producci\u00f3n de miel, la imagen que nos viene a la cabeza enseguida es la del campo: las abejas volando de flor en flor, las colmenas llenas de vida y el apicultor trabajando bajo el sol. Pero el trabajo en Ap\u00edcola Brull Casanova no termina cuando cosechamos los panales. Para garantizar que&hellip;","og_url":"https:\/\/www.meldelperello.com\/es\/conoce-nuestro-laboratorio-asi-garantizamos-la-pureza-de-la-miel-en-lavi-lluis\/","og_site_name":"L&#039;Avi Llu\u00eds","article_publisher":"https:\/\/www.facebook.com\/avi.lluis\/","article_published_time":"2026-08-26T07:02:47+00:00","article_modified_time":"2026-08-27T08:29:32+00:00","og_image":[{"width":2560,"height":2560,"url":"https:\/\/www.meldelperello.com\/wp-content\/uploads\/2026\/08\/IMG_1469-scaled.jpg","type":"image\/jpeg"}],"author":"L'Avi Llu\u00eds","twitter_card":"summary_large_image","twitter_misc":{"Escrito por":"L'Avi Llu\u00eds","Tiempo de lectura":"4 minutos"},"schema":{"@context":"https:\/\/schema.org","@graph":[{"@type":"Article","@id":"https:\/\/www.meldelperello.com\/es\/conoce-nuestro-laboratorio-asi-garantizamos-la-pureza-de-la-miel-en-lavi-lluis\/#article","isPartOf":{"@id":"https:\/\/www.meldelperello.com\/es\/conoce-nuestro-laboratorio-asi-garantizamos-la-pureza-de-la-miel-en-lavi-lluis\/"},"author":{"name":"L'Avi Llu\u00eds","@id":"https:\/\/www.meldelperello.com\/es\/#\/schema\/person\/cfca5435797d94e0e1242e9dc012af48"},"headline":"Conoce nuestro laboratorio: as\u00ed garantizamos la pureza de la miel en L\u2019Avi Llu\u00eds","datePublished":"2026-08-26T07:02:47+00:00","dateModified":"2026-08-27T08:29:32+00:00","mainEntityOfPage":{"@id":"https:\/\/www.meldelperello.com\/es\/conoce-nuestro-laboratorio-asi-garantizamos-la-pureza-de-la-miel-en-lavi-lluis\/"},"wordCount":741,"publisher":{"@id":"https:\/\/www.meldelperello.com\/es\/#organization"},"image":{"@id":"https:\/\/www.meldelperello.com\/es\/conoce-nuestro-laboratorio-asi-garantizamos-la-pureza-de-la-miel-en-lavi-lluis\/#primaryimage"},"thumbnailUrl":"https:\/\/www.meldelperello.com\/wp-content\/uploads\/2026\/08\/IMG_1469-scaled.jpg","articleSection":["Blog"],"inLanguage":"es"},{"@type":"WebPage","@id":"https:\/\/www.meldelperello.com\/es\/conoce-nuestro-laboratorio-asi-garantizamos-la-pureza-de-la-miel-en-lavi-lluis\/","url":"https:\/\/www.meldelperello.com\/es\/conoce-nuestro-laboratorio-asi-garantizamos-la-pureza-de-la-miel-en-lavi-lluis\/","name":"Conoce nuestro laboratorio: as\u00ed garantizamos la pureza de la miel en L\u2019Avi Llu\u00eds - L&#039;Avi Llu\u00eds","isPartOf":{"@id":"https:\/\/www.meldelperello.com\/es\/#website"},"primaryImageOfPage":{"@id":"https:\/\/www.meldelperello.com\/es\/conoce-nuestro-laboratorio-asi-garantizamos-la-pureza-de-la-miel-en-lavi-lluis\/#primaryimage"},"image":{"@id":"https:\/\/www.meldelperello.com\/es\/conoce-nuestro-laboratorio-asi-garantizamos-la-pureza-de-la-miel-en-lavi-lluis\/#primaryimage"},"thumbnailUrl":"https:\/\/www.meldelperello.com\/wp-content\/uploads\/2026\/08\/IMG_1469-scaled.jpg","datePublished":"2026-08-26T07:02:47+00:00","dateModified":"2026-08-27T08:29:32+00:00","breadcrumb":{"@id":"https:\/\/www.meldelperello.com\/es\/conoce-nuestro-laboratorio-asi-garantizamos-la-pureza-de-la-miel-en-lavi-lluis\/#breadcrumb"},"inLanguage":"es","potentialAction":[{"@type":"ReadAction","target":["https:\/\/www.meldelperello.com\/es\/conoce-nuestro-laboratorio-asi-garantizamos-la-pureza-de-la-miel-en-lavi-lluis\/"]}]},{"@type":"ImageObject","inLanguage":"es","@id":"https:\/\/www.meldelperello.com\/es\/conoce-nuestro-laboratorio-asi-garantizamos-la-pureza-de-la-miel-en-lavi-lluis\/#primaryimage","url":"https:\/\/www.meldelperello.com\/wp-content\/uploads\/2026\/08\/IMG_1469-scaled.jpg","contentUrl":"https:\/\/www.meldelperello.com\/wp-content\/uploads\/2026\/08\/IMG_1469-scaled.jpg","width":2560,"height":2560},{"@type":"BreadcrumbList","@id":"https:\/\/www.meldelperello.com\/es\/conoce-nuestro-laboratorio-asi-garantizamos-la-pureza-de-la-miel-en-lavi-lluis\/#breadcrumb","itemListElement":[{"@type":"ListItem","position":1,"name":"Inici","item":"https:\/\/www.meldelperello.com\/es\/"},{"@type":"ListItem","position":2,"name":"Conoce nuestro laboratorio: as\u00ed garantizamos la pureza de la miel en L\u2019Avi Llu\u00eds"}]},{"@type":"WebSite","@id":"https:\/\/www.meldelperello.com\/es\/#website","url":"https:\/\/www.meldelperello.com\/es\/","name":"L&#039;Avi Llu\u00eds","description":"Apicultors i productors de mel natural, pura i artesana","publisher":{"@id":"https:\/\/www.meldelperello.com\/es\/#organization"},"potentialAction":[{"@type":"SearchAction","target":{"@type":"EntryPoint","urlTemplate":"https:\/\/www.meldelperello.com\/es\/?s={search_term_string}"},"query-input":{"@type":"PropertyValueSpecification","valueRequired":true,"valueName":"search_term_string"}}],"inLanguage":"es"},{"@type":"Organization","@id":"https:\/\/www.meldelperello.com\/es\/#organization","name":"L'Avi Llu\u00eds","url":"https:\/\/www.meldelperello.com\/es\/","logo":{"@type":"ImageObject","inLanguage":"es","@id":"https:\/\/www.meldelperello.com\/es\/#\/schema\/logo\/image\/","url":"https:\/\/www.meldelperello.com\/wp-content\/uploads\/2022\/02\/logo.svg","contentUrl":"https:\/\/www.meldelperello.com\/wp-content\/uploads\/2022\/02\/logo.svg","width":137,"height":121,"caption":"L'Avi Llu\u00eds"},"image":{"@id":"https:\/\/www.meldelperello.com\/es\/#\/schema\/logo\/image\/"},"sameAs":["https:\/\/www.facebook.com\/avi.lluis\/","https:\/\/www.instagram.com\/avilluis_meldelperello\/","https:\/\/www.youtube.com\/c\/MeldelperelloAviLluis"]},{"@type":"Person","@id":"https:\/\/www.meldelperello.com\/es\/#\/schema\/person\/cfca5435797d94e0e1242e9dc012af48","name":"L'Avi Llu\u00eds","image":{"@type":"ImageObject","inLanguage":"es","@id":"https:\/\/secure.gravatar.com\/avatar\/e638f7e349f2a596746992c4a310631d1890f1340739f4a51763a27d1aa03f7b?s=96&d=mm&r=g","url":"https:\/\/secure.gravatar.com\/avatar\/e638f7e349f2a596746992c4a310631d1890f1340739f4a51763a27d1aa03f7b?s=96&d=mm&r=g","contentUrl":"https:\/\/secure.gravatar.com\/avatar\/e638f7e349f2a596746992c4a310631d1890f1340739f4a51763a27d1aa03f7b?s=96&d=mm&r=g","caption":"L'Avi Llu\u00eds"},"sameAs":["http:\/\/perello.debonatinta.com"],"url":"https:\/\/www.meldelperello.com\/es\/author\/avilluis\/"}]}},"_links":{"self":[{"href":"https:\/\/www.meldelperello.com\/es\/wp-json\/wp\/v2\/posts\/12723","targetHints":{"allow":["GET"]}}],"collection":[{"href":"https:\/\/www.meldelperello.com\/es\/wp-json\/wp\/v2\/posts"}],"about":[{"href":"https:\/\/www.meldelperello.com\/es\/wp-json\/wp\/v2\/types\/post"}],"author":[{"embeddable":true,"href":"https:\/\/www.meldelperello.com\/es\/wp-json\/wp\/v2\/users\/1"}],"replies":[{"embeddable":true,"href":"https:\/\/www.meldelperello.com\/es\/wp-json\/wp\/v2\/comments?post=12723"}],"version-history":[{"count":1,"href":"https:\/\/www.meldelperello.com\/es\/wp-json\/wp\/v2\/posts\/12723\/revisions"}],"predecessor-version":[{"id":12724,"href":"https:\/\/www.meldelperello.com\/es\/wp-json\/wp\/v2\/posts\/12723\/revisions\/12724"}],"wp:featuredmedia":[{"embeddable":true,"href":"https:\/\/www.meldelperello.com\/es\/wp-json\/wp\/v2\/media\/12722"}],"wp:attachment":[{"href":"https:\/\/www.meldelperello.com\/es\/wp-json\/wp\/v2\/media?parent=12723"}],"wp:term":[{"taxonomy":"category","embeddable":true,"href":"https:\/\/www.meldelperello.com\/es\/wp-json\/wp\/v2\/categories?post=12723"},{"taxonomy":"post_tag","embeddable":true,"href":"https:\/\/www.meldelperello.com\/es\/wp-json\/wp\/v2\/tags?post=12723"}],"curies":[{"name":"wp","href":"https:\/\/api.w.org\/{rel}","templated":true}]}}